{"id":497,"date":"2023-10-19T13:10:15","date_gmt":"2023-10-19T12:10:15","guid":{"rendered":"https:\/\/www.spcireland.org\/?p=497"},"modified":"2025-10-13T21:51:15","modified_gmt":"2025-10-13T20:51:15","slug":"kolo-srpskih-sestara-pokrov-presvete-bogorodice","status":"publish","type":"post","link":"https:\/\/www.spcireland.org\/en\/2023\/10\/19\/kolo-srpskih-sestara-pokrov-presvete-bogorodice\/","title":{"rendered":"Association of Serbian Sisters \u2018Protection of the Most Holy Theotokos\u2019"},"content":{"rendered":"<p>On the Feast of the Assumption in 1903, a group of women met in Belgrade to establish a female, humanitarian, and cultural society. At that time, the rules for this society were drafted, with the mission of providing as much assistance as possible to the suffering Serbian population in Old Serbia and Macedonia, and later, as the society grew stronger, to extend help to other regions where the Serbian people were oppressed. Branislav Nu\u0161i\u0107, a well-known Serbian writer, proposed that this organization be named the Association of Serbian Sisters. The main founders of the Association were Nade\u017eda Petrovi\u0107, Delfa Ivani\u0107, and Savka Suboti\u0107. Savka Suboti\u0107 also became the first president of the Association.<\/p>\n\n\n\n<p>The Association of Serbian Sisters 'Protection of the Most Holy Mother of God' of the Republic of Ireland is probably one of the youngest organizations of this kind. It was founded in 2018 in Dublin as a humanitarian and cultural society for women. At that time, the management of the Association was also elected, and Ankica Stan\u010devi\u0107 was chosen as the first president. In June 2023, the current management of the Association was elected, with Biljana Torbica Kostin chosen as president.<\/p>\n\n\n\n<p>The first patron saint celebration was held on October 14, 2018, when Father Mladen broke the festive bread with the president and other members of the newly formed association. Today, the Association has around 50 members from various parts of Ireland.<\/p>\n\n\n<div class=\"wp-block-image\">\n<figure class=\"aligncenter size-large is-resized\"><img decoding=\"async\" loading=\"lazy\" width=\"1024\" height=\"768\" src=\"https:\/\/www.spcireland.org\/wp-content\/uploads\/sites\/4\/2023\/10\/IMG_6661-1024x768.jpg\" alt=\"\" class=\"wp-image-501\" style=\"aspect-ratio:1.3333333333333333;width:842px;height:auto\" srcset=\"https:\/\/www.spcireland.org\/wp-content\/uploads\/sites\/4\/2023\/10\/IMG_6661-1024x768.jpg 1024w, https:\/\/www.spcireland.org\/wp-content\/uploads\/sites\/4\/2023\/10\/IMG_6661-300x225.jpg 300w, https:\/\/www.spcireland.org\/wp-content\/uploads\/sites\/4\/2023\/10\/IMG_6661-768x576.jpg 768w, https:\/\/www.spcireland.org\/wp-content\/uploads\/sites\/4\/2023\/10\/IMG_6661.jpg 1080w\" sizes=\"(max-width: 1024px) 100vw, 1024px\" \/><figcaption class=\"wp-element-caption\">Celebration of the first Slava of the Association of Serbian Sisters 'Protection of the Most Holy Mother of God <\/figcaption><\/figure><\/div>\n\n\n<figure class=\"wp-block-image size-large\"><img decoding=\"async\" loading=\"lazy\" width=\"1024\" height=\"768\" src=\"https:\/\/www.spcireland.org\/wp-content\/uploads\/sites\/4\/2023\/10\/IMG_6662-1024x768.jpg\" alt=\"\" class=\"wp-image-503\" srcset=\"https:\/\/www.spcireland.org\/wp-content\/uploads\/sites\/4\/2023\/10\/IMG_6662-1024x768.jpg 1024w, https:\/\/www.spcireland.org\/wp-content\/uploads\/sites\/4\/2023\/10\/IMG_6662-300x225.jpg 300w, https:\/\/www.spcireland.org\/wp-content\/uploads\/sites\/4\/2023\/10\/IMG_6662-768x576.jpg 768w, https:\/\/www.spcireland.org\/wp-content\/uploads\/sites\/4\/2023\/10\/IMG_6662.jpg 1080w\" sizes=\"(max-width: 1024px) 100vw, 1024px\" \/><figcaption class=\"wp-element-caption\">\u041f\u0440\u043e\u0441\u043b\u0430\u0432\u0430 \u0434\u0440\u0443\u0433\u0435 \u0421\u043b\u0430\u0432\u0435 \u041a\u043e\u043b\u0430 \u0441\u0440\u043f\u0441\u043a\u0438\u0445 \u0441\u0435\u0441\u0442\u0430\u0440\u0430 \u041f\u043e\u043a\u0440\u043e\u0432 \u041f\u0440\u0435\u0441\u0432\u0435\u0442\u0435 \u0411\u043e\u0433\u043e\u0440\u043e\u0434\u0438\u0446\u0435 2019. \u0433\u043e\u0434\u0438\u043d\u0435<\/figcaption><\/figure>\n\n\n\n<p>*\"The progress of the church and our parish would be unimaginable without the participation of the dedicated and warm-hearted sisters of the Association of Serbian Sisters 'Protection of the Most Holy Mother of God.' The sisters are always ready and willing to assist with any church or community event, aiming to preserve and advance the religious and national life of our small community. As women and mothers, they recognize the importance of working together to preserve cultural values. With great maternal care, they strive to enrich not only their own children but also all the families of our community, as well as occasional guests at our celebrations, with the well-known Serbian hospitality.\n\nThe responsibilities of the Association members are diverse and numerous. They participate in nurturing Serbian religious customs, work on preserving and advancing the church community and Serbian traditions, and organize activities related to Christmas and Easter holidays, as well as the church's Slava and other religious celebrations. In addition, they take care of the upkeep of the Holy Temple and provide assistance to parishioners in need. The sisters tirelessly take part in initiatives to strengthen the Christian family, organize humanitarian actions, and engage in various other expressions of love for God and the Serbian people.<\/p>\n\n\n\n<p>The work of the members of the Association of Serbian Sisters 'Protection of the Most Holy Mother of God' is voluntary and brings no personal or material gain, except for the spiritual satisfaction of receiving a smile as a token of gratitude from someone in need for the effort and help provided. The sisters are aware that their efforts are valued and rewarded by the One whose rewards are eternal and everlasting. Therefore, they perform all their work quietly and humbly, placing their trust in God and the Most Holy Mother of God, their protector and intercessor, who guards and strengthens them even when their will and strength falter.<\/p>\n\n\n\n<figure class=\"wp-block-image size-large\"><img decoding=\"async\" loading=\"lazy\" width=\"1024\" height=\"767\" src=\"https:\/\/www.spcireland.org\/wp-content\/uploads\/sites\/4\/2023\/10\/IMG_6650-1-1024x767.jpg\" alt=\"\" class=\"wp-image-504\" srcset=\"https:\/\/www.spcireland.org\/wp-content\/uploads\/sites\/4\/2023\/10\/IMG_6650-1-1024x767.jpg 1024w, https:\/\/www.spcireland.org\/wp-content\/uploads\/sites\/4\/2023\/10\/IMG_6650-1-300x225.jpg 300w, https:\/\/www.spcireland.org\/wp-content\/uploads\/sites\/4\/2023\/10\/IMG_6650-1-768x575.jpg 768w, https:\/\/www.spcireland.org\/wp-content\/uploads\/sites\/4\/2023\/10\/IMG_6650-1-1536x1150.jpg 1536w, https:\/\/www.spcireland.org\/wp-content\/uploads\/sites\/4\/2023\/10\/IMG_6650-1.jpg 1600w\" sizes=\"(max-width: 1024px) 100vw, 1024px\" \/><figcaption class=\"wp-element-caption\">\u041f\u0440\u043e\u0441\u043b\u0430\u0432\u0430 \u0421\u043b\u0430\u0432\u0435 \u041a\u043e\u043b\u0430 \u0441\u0440\u043f\u0441\u043a\u0438\u0445 \u0441\u0435\u0441\u0442\u0430\u0440\u0430 \u041f\u043e\u043a\u0440\u043e\u0432 \u041f\u0440\u0435\u0441\u0432\u0435\u0442\u0435 \u0411\u043e\u0433\u043e\u0440\u043e\u0434\u0438\u0446\u0435 2023. \u0433\u043e\u0434\u0438\u043d\u0435<\/figcaption><\/figure>\n\n\n\n<p>All women of noble heart who wish to join the Association of Serbian Sisters 'Protection of the Most Holy Mother of God' can do so by contacting the Association at the email address ksspokrovpresvetebogorodice@gmail.com<\/p>","protected":false},"excerpt":{"rendered":"<p>On the Feast of the Dormition of the Most Holy Theotokos (Great Assumption) in 1903, a group of women met in Belgrade to establish a women\u2019s humanitarian and cultural society. At that time, the society\u2019s statutes were also drawn up, whose mission was to provide as much help as possible to the suffering Serbian population in Old Serbia and Macedonia, and later, when the society became stronger, to turn its attention to other areas where\u2026 <\/p>\n<p class=\"link-more\"><a href=\"https:\/\/www.spcireland.org\/en\/2023\/10\/19\/kolo-srpskih-sestara-pokrov-presvete-bogorodice\/\" class=\"more-link\">Read more<span class=\"screen-reader-text\"> &#8222;\u041a\u043e\u043b\u043e \u0441\u0440\u043f\u0441\u043a\u0438\u0445 \u0441\u0435\u0441\u0442\u0430\u0440\u0430 &#8222;\u041f\u043e\u043a\u0440\u043e\u0432 \u041f\u0440\u0435\u0441\u0432\u0435\u0442\u0435 \u0411\u043e\u0433\u043e\u0440\u043e\u0434\u0438\u0446\u0435&#8220;&#8220;<\/span><\/a><\/p>","protected":false},"author":9,"featured_media":498,"comment_status":"closed","ping_status":"closed","sticky":false,"template":"","format":"standard","meta":{"footnotes":""},"categories":[8],"tags":[10],"_links":{"self":[{"href":"https:\/\/www.spcireland.org\/en\/wp-json\/wp\/v2\/posts\/497"}],"collection":[{"href":"https:\/\/www.spcireland.org\/en\/wp-json\/wp\/v2\/posts"}],"about":[{"href":"https:\/\/www.spcireland.org\/en\/wp-json\/wp\/v2\/types\/post"}],"author":[{"embeddable":true,"href":"https:\/\/www.spcireland.org\/en\/wp-json\/wp\/v2\/users\/9"}],"replies":[{"embeddable":true,"href":"https:\/\/www.spcireland.org\/en\/wp-json\/wp\/v2\/comments?post=497"}],"version-history":[{"count":6,"href":"https:\/\/www.spcireland.org\/en\/wp-json\/wp\/v2\/posts\/497\/revisions"}],"predecessor-version":[{"id":676,"href":"https:\/\/www.spcireland.org\/en\/wp-json\/wp\/v2\/posts\/497\/revisions\/676"}],"wp:featuredmedia":[{"embeddable":true,"href":"https:\/\/www.spcireland.org\/en\/wp-json\/wp\/v2\/media\/498"}],"wp:attachment":[{"href":"https:\/\/www.spcireland.org\/en\/wp-json\/wp\/v2\/media?parent=497"}],"wp:term":[{"taxonomy":"category","embeddable":true,"href":"https:\/\/www.spcireland.org\/en\/wp-json\/wp\/v2\/categories?post=497"},{"taxonomy":"post_tag","embeddable":true,"href":"https:\/\/www.spcireland.org\/en\/wp-json\/wp\/v2\/tags?post=497"}],"curies":[{"name":"wp","href":"https:\/\/api.w.org\/{rel}","templated":true}]}}